{"id":449,"date":"2020-03-24T14:15:01","date_gmt":"2020-03-24T17:15:01","guid":{"rendered":"https:\/\/www.nizzipropiedades.com\/blog-inmobiliario\/?p=449"},"modified":"2023-01-24T14:25:18","modified_gmt":"2023-01-24T17:25:18","slug":"origen-del-barrio-chauvin-el-maravilloso-jardin-y-su-florista","status":"publish","type":"post","link":"https:\/\/www.nizzipropiedades.com\/blog-inmobiliario\/origen-del-barrio-chauvin-el-maravilloso-jardin-y-su-florista\/","title":{"rendered":"\ud83c\udfe1 Origen del barrio Chauv\u00edn: El maravilloso jard\u00edn y su florista."},"content":{"rendered":"\n<p style=\"font-size:15px\">\nSi residen o han buscado vivienda en Mar del Plata, es muy probable que hayan escuchado hablar del famoso Barrio Chauv\u00edn, siendo este uno de los m\u00e1s lindos y conocidos de \u201cLa Feliz\u201d.<br><\/p>\n\n\n\n<p style=\"font-size:15px\">Por ello, en este art\u00edculo les brindaremos informaci\u00f3n y datos de utilidad, sea porque entre sus opciones para vivir se encuentra esta hermosa zona o porque siempre est\u00e1n buscando conocer un poco m\u00e1s acerca de nuestra maravillosa ciudad balnearia.<\/p>\n\n\n\n<figure class=\"wp-block-image size-large\"><img loading=\"lazy\" decoding=\"async\" width=\"1280\" height=\"960\" src=\"https:\/\/www.nizzipropiedades.com\/blog-inmobiliario\/wp-content\/uploads\/2020\/03\/Barrio-Chauvin.jpg\" alt=\"Barrio Chauv\u00edn actual\" class=\"wp-image-454\"\/><figcaption>Vista panor\u00e1mica del Chauv\u00edn actual<\/figcaption><\/figure>\n\n\n\n<h3 class=\"wp-block-heading\"> \u00bfPor qu\u00e9 se le dio el nombre de \u201cBarrio Chauv\u00edn\u201d? <\/h3>\n\n\n\n<p style=\"font-size:15px\">\nComencemos con algo de historia, \u00bfles parece? El historiador Cova, cuenta que en la primera d\u00e9cada del siglo XX, llega desde Buenos Aires a la ciudad de Mar del Plata un florista uruguayo hijo de franceses, llamado Jos\u00e9 Francisco Chauv\u00edn. All\u00ed, en la linda y elitesca Mardel, decide comprar 18 hect\u00e1reas.&nbsp;<br><\/p>\n\n\n\n<p style=\"font-size:15px\">En ese terreno, junto a su mujer con la que nunca tuvieron hijos, construy\u00f3 su vivienda: Villa Chauv\u00edn. Por supuesto, como era de imaginar viniendo de un florista, cultiv\u00f3 flores (dicen que no hab\u00edan tan hermosas como las de \u00e9l), aprovechando sus espacios de recreaci\u00f3n al aire libre con un exquisito paisajismo y dise\u00f1o de jardines esplendorosos para la \u00e9poca, que adem\u00e1s iban acompa\u00f1ados de llamativas fuentes y estatuas. Llamaba a sus espacios verdes \u201cJard\u00edn Azul\u201d y \u201cJard\u00edn Rojo\u201d, asoci\u00e1ndolos respectivamente al color de la vegetaci\u00f3n en ellos.<br><\/p>\n\n\n\n<p style=\"font-size:15px\">Adem\u00e1s, tuvo un negocio donde vend\u00eda flores, en la zona de La Rambla Lasalle, que fue la \u00faltima elaborada en madera antes de que inauguraran La Bristol, en el a\u00f1o 1913. Argumentan que diariamente a las 18 hs, part\u00eda desde Mar del Plata el \u201ctren del pescado\u201d.&nbsp;<br><\/p>\n\n\n\n<p style=\"font-size:15px\">Para los conocedores de la historia, se sab\u00eda que en la zona se produc\u00eda el famoso <em>tasajo<\/em> que consist\u00eda en una salmuera de pescado, uno de los principales productos del <a href=\"https:\/\/www.lanacion.com.ar\/economia\/campo\/el-saladero-que-dio-origen-a-mar-del-plata-nid1217278\">saladero de Mar del Plata<\/a>, aparte del pescado fresco tambi\u00e9n solicitado desde capital.&nbsp;<br><\/p>\n\n\n\n<p style=\"font-size:15px\">Este tren, llevaba la carga de este alimento que era despachado hacia Buenos Aires y, en uno de sus vagones, transportaban las flores de Chauv\u00edn, en las condiciones \u00f3ptimas para que estuviesen frescas al venderlas en la metr\u00f3polis porte\u00f1a.<br><\/p>\n\n\n\n<p style=\"font-size:15px\">Seg\u00fan el historiador Cova, fuentes cercanas a Chauv\u00edn dicen que el presidente argentino Marcelo Torcuato de Alvear y su esposa Regina, tomaban el t\u00e9 en los jardines de la residencia. Adem\u00e1s explica que \u201cla gente que deseaba visitar Villa Chauv\u00edn, ten\u00eda que anotarse en su florister\u00eda de La Rambla y luego se le invitaba, previa selecci\u00f3n\u201d.<br><\/p>\n\n\n\n<p style=\"font-size:15px\">Se calcula que llegaron a trabajar all\u00ed, aproximadamente, 60 personas. Adem\u00e1s de importar especies forestales y flores, contrataba especialistas alemanes, japoneses, daneses, suecos, quienes dependiendo de la especie, se encargaban de atenderla.<br><\/p>\n\n\n\n<p style=\"font-size:15px\">Para su \u00e9poca, es considerado como un visionario, ya que para facilitar y promover una floraci\u00f3n forzada, pose\u00eda una caldera y bomba, ambas subterr\u00e1neas, para proveer calor y agua. Dichos avances, en esta ciencia, colocan a Mar del Plata como un lugar que para la \u00e9poca promov\u00eda la innovaci\u00f3n.&nbsp;<br><\/p>\n\n\n\n<p style=\"font-size:15px\">Comenzando el 1930, exist\u00eda como proyecto la ruta que conectaba a la ciudad balnearia con Buenos Aires. Y Chauv\u00edn, en su idilio, so\u00f1aba con crear imponentes parques y jardines en ese largo camino correspondiente. Lamentablemente, ese ideal nunca se llev\u00f3 a cabo.<br><\/p>\n\n\n\n<p style=\"font-size:15px\">En 1935 seg\u00fan los datos encontrados, el florista se suicid\u00f3, presuntamente, por problemas econ\u00f3micos.<\/p>\n\n\n\n<h3 class=\"wp-block-heading\">\u00bfD\u00f3nde queda el barrio Chauv\u00edn y con qu\u00e9 otros barrio delimita?<\/h3>\n\n\n\n<p style=\"font-size:15px\">\nEste antiguo y hermoso barrio, en el cual abundan <a href=\"https:\/\/www.nizzipropiedades.com\/\">casas y edificios<\/a> con caracter\u00edsticas arquitect\u00f3nicas tradicionalmente marplatenses, se encuentra originalmente delimitado por las calles Juan B. Justo, Matheu, C\u00f3rdoba y aparte, con una l\u00ednea imaginaria, Hip\u00f3lito Yrigoyen y Mitre.&nbsp;<br><\/p>\n\n\n\n<p style=\"font-size:15px\">Sin embargo, para los marplatenses e incluso para las inmobiliarias este va desde Av. Independencia hasta calle Tucum\u00e1n de Av. Paso hasta Av. Col\u00f3n, a pesar que podemos encontrar en \u00e9ste distintos \u00abmicrobarrios\u00bb como Divino Rostro o <em>el Materno Infantil.<\/em><\/p>\n\n\n\n<h3 class=\"wp-block-heading\"> Edificaciones y herencias emblem\u00e1ticas <\/h3>\n\n\n\n<p style=\"font-size:15px\">\nEl chalet del florista constitu\u00eda la manzana hoy bordeada por las calles C\u00f3rdoba, San Luis, Azcu\u00e9naga y Larrea. Las habitaciones para sus empleados, galpones y caballerizas, se encontraban sobre C\u00f3rdoba, desde Azcu\u00e9naga a Juan B. Justo. Y en la popular calle Mitre, a\u00fan existe el estanque para plantas acu\u00e1ticas que ten\u00eda el jard\u00edn Chauv\u00edn.&nbsp;<br><\/p>\n\n\n\n<p style=\"font-size:15px\">La residencia se demoli\u00f3 luego de su fallecimiento y es all\u00ed, en ese mismo terreno, sobre el que se construy\u00f3 el reconocido e importante <a href=\"https:\/\/www.hpc.org.ar\/\">Hospital Privado de la Comunidad<\/a>, una de las instituciones m\u00e9dicas m\u00e1s prestigiosas de la ciudad, que atiende a un gran porcentaje de la comunidad marplatense. Este se inaugur\u00f3 el 30 de mayo de 1971, contando con 4.000m2. Hoy en d\u00eda tiene 26.000 m2.<br><\/p>\n\n\n\n<figure class=\"wp-block-image size-large is-resized\"><img loading=\"lazy\" decoding=\"async\" src=\"https:\/\/www.nizzipropiedades.com\/blog-inmobiliario\/wp-content\/uploads\/2020\/03\/hospital-privado-comunidad-mar-del-plata.jpg\" alt=\"hospital privado de comunidad\" class=\"wp-image-456\" width=\"839\" height=\"462\"\/><figcaption>Hospital Privado de Comunidad<\/figcaption><\/figure>\n\n\n\n<p style=\"font-size:15px\">Otra de las \u201cherencias\u201d del florista, son aquellos \u00e1rboles que hoy adornan los parques en el Barrio Chauv\u00edn, fueron sembrados prec\u00edsamente por \u00e9l mismo. De hecho, algunos de los maceteros y esculturas que embellecen plazas de la ciudad, tambi\u00e9n son provenientes de aquel impactante paisajismo que alg\u00fan d\u00eda dio vida a esa zona. Como, por ejemplo, una Venus de Medicis que pas\u00f3 a estar en la fuente de la Plaza San Mart\u00edn, procedente de Francia, de la misma fundici\u00f3n que dio vida a las esculturas de los jardines del propio Palacio de Versalles.<br><\/p>\n\n\n\n<p style=\"font-size:15px\">El barrio se encuentra cerca de la famosa casa y Centro Cultural Villa Victoria Ocampo, es decir, justo al lado del <a href=\"https:\/\/www.nizzipropiedades.com\/blog-inmobiliario\/barrio-los-troncos\/\">Barrio Los Troncos<\/a>, otro sector muy reconocido por su arquitectura peculiar y enormes casas que evocan una Europa que se planta en Latinoam\u00e9rica, dentro de \u201cLa Feliz\u201d, con sus techos a dos aguas y listones que resemblan chalets ingleses y alemanes.<\/p>\n\n\n\n<figure class=\"wp-block-image size-large\"><img loading=\"lazy\" decoding=\"async\" width=\"1922\" height=\"973\" src=\"https:\/\/www.nizzipropiedades.com\/blog-inmobiliario\/wp-content\/uploads\/2020\/03\/barrio-Chauvin-1.jpg\" alt=\"chalet marplatense Chauvin\" class=\"wp-image-455\"\/><figcaption>T\u00edpico chalet marplatense que resiste en pie.<\/figcaption><\/figure>\n\n\n\n<h3 class=\"wp-block-heading\"> El Barrio Chauvin hoy <\/h3>\n\n\n\n<p style=\"font-size:15px\">\nPor ser uno de los barrios en el coraz\u00f3n de la ciudad tiene un tr\u00e1fico moderado. Esto es tambi\u00e9n gracias a su gran accesibilidad desde el centro, desde el puerto y desde la zona m\u00e1s norte de la ciudad. Es rico en actividades para toda la familia y adem\u00e1s alberga importantes centros de salud en su interior.&nbsp;<br><\/p>\n\n\n\n<p style=\"font-size:15px\">Este barrio suele ser de los m\u00e1s buscados al momento de buscar vivienda o propiedades en Mar del Plata, debido a que tiene todos los servicios necesarios para la comodidad de quienes ah\u00ed viven y trabajan. Adem\u00e1s, tiene varios centros comerciales de los m\u00e1s importantes en la ciudad, incluyendo el Shoppping Paseo Aldrey que es el m\u00e1s grande de Mar del Plata.&nbsp;<br><\/p>\n\n\n\n<p style=\"font-size:15px\">Supermercados, tiendas y muchos almacenes o despensas hacen de este barrio un punto obligado de muchos marplatenses a la hora de hacer sus compras.<\/p>\n\n\n\n<h3 class=\"wp-block-heading\"> Intento de preservaci\u00f3n de la construcci\u00f3n en Chauv\u00edn <\/h3>\n\n\n\n<p style=\"font-size:15px\">\nEn el 2011, con la intenci\u00f3n de preservar la t\u00edpica fachada arquitect\u00f3nica marplatense, como los chalets con \u201cpiedra Mar del Plata\u201d y techos de tejas, se elev\u00f3 una normativa a trece barrios emblem\u00e1ticos y con estilos tradicionales de la ciudad balnearia, entre ellos, este ic\u00f3nico barrio. De igual forma, actualmente se siguen construyendo edificios de residencia con excelentes opciones para poder adquirir un lindo departamento en una de las zonas m\u00e1s t\u00edpicas de \u201cLa Feliz\u201d.<br><\/p>\n\n\n\n<p style=\"font-size:15px\">&nbsp;Si est\u00e1s buscando para vivir en un lugar c\u00e1lido, familiar y con mucha historia, contacta a tu <a href=\"http:\/\/nizzipropiedades.com\">inmobiliaria de confianza<\/a> y conoc\u00e9 las opciones que hay para el Barrio Chauv\u00edn.<br><\/p>\n\n\n\n<p style=\"font-size:15px\">Fuente: Diario La Capital de Mar del Plata \/ Blog <a href=\"http:\/\/fotosviejasdemardelplata.blogspot.com\/2014\/01\/\">http:\/\/fotosviejasdemardelplata.blogspot.com\/<\/a><\/p>\n","protected":false},"excerpt":{"rendered":"<p>Si residen o han buscado vivienda en Mar del Plata, es muy probable que hayan escuchado hablar del famoso Barrio Chauv\u00edn, siendo este uno de los m\u00e1s lindos y conocidos de \u201cLa Feliz\u201d.<\/p>\n","protected":false},"author":1,"featured_media":590,"comment_status":"open","ping_status":"open","sticky":false,"template":"","format":"standard","meta":{"footnotes":""},"categories":[30],"tags":[59,58,60],"class_list":["post-449","post","type-post","status-publish","format-standard","has-post-thumbnail","hentry","category-barrios-marplatenses","tag-barrio-chauvin","tag-chauvin","tag-historia-barrio-chauvin"],"yoast_head":"<!-- This site is optimized with the Yoast SEO plugin v25.4 - https:\/\/yoast.com\/wordpress\/plugins\/seo\/ -->\n<title>\ud83c\udfe1 Origen del barrio Chauv\u00edn: El maravilloso jard\u00edn y su florista. - Nizzi Propiedades<\/title>\n<meta name=\"description\" content=\"Barrio Chauvin. Su ubicaci\u00f3n, su historia y actualidad.\" \/>\n<meta name=\"robots\" content=\"index, follow, max-snippet:-1, max-image-preview:large, max-video-preview:-1\" \/>\n<link rel=\"canonical\" href=\"https:\/\/www.nizzipropiedades.com\/blog-inmobiliario\/origen-del-barrio-chauvin-el-maravilloso-jardin-y-su-florista\/\" \/>\n<meta property=\"og:locale\" content=\"es_ES\" \/>\n<meta property=\"og:type\" content=\"article\" \/>\n<meta property=\"og:title\" content=\"\ud83c\udfe1 Origen del barrio Chauv\u00edn: El maravilloso jard\u00edn y su florista. - Nizzi Propiedades\" \/>\n<meta property=\"og:description\" content=\"Barrio Chauvin. Su ubicaci\u00f3n, su historia y actualidad.\" \/>\n<meta property=\"og:url\" content=\"https:\/\/www.nizzipropiedades.com\/blog-inmobiliario\/origen-del-barrio-chauvin-el-maravilloso-jardin-y-su-florista\/\" \/>\n<meta property=\"og:site_name\" content=\"Nizzi Propiedades\" \/>\n<meta property=\"article:publisher\" content=\"https:\/\/www.facebook.com\/NizziPropiedades\/\" \/>\n<meta property=\"article:published_time\" content=\"2020-03-24T17:15:01+00:00\" \/>\n<meta property=\"article:modified_time\" content=\"2023-01-24T17:25:18+00:00\" \/>\n<meta property=\"og:image\" content=\"https:\/\/www.nizzipropiedades.com\/blog-inmobiliario\/wp-content\/uploads\/2020\/03\/Barrio-Chauvin-1.jpg\" \/>\n\t<meta property=\"og:image:width\" content=\"384\" \/>\n\t<meta property=\"og:image:height\" content=\"288\" \/>\n\t<meta property=\"og:image:type\" content=\"image\/jpeg\" \/>\n<meta name=\"author\" content=\"Santiago de Nizzi Propiedades\" \/>\n<meta name=\"twitter:card\" content=\"summary_large_image\" \/>\n<meta name=\"twitter:label1\" content=\"Escrito por\" \/>\n\t<meta name=\"twitter:data1\" content=\"Santiago de Nizzi Propiedades\" \/>\n\t<meta name=\"twitter:label2\" content=\"Tiempo de lectura\" \/>\n\t<meta name=\"twitter:data2\" content=\"6 minutos\" \/>\n<script type=\"application\/ld+json\" class=\"yoast-schema-graph\">{\"@context\":\"https:\/\/schema.org\",\"@graph\":[{\"@type\":\"Article\",\"@id\":\"https:\/\/www.nizzipropiedades.com\/blog-inmobiliario\/origen-del-barrio-chauvin-el-maravilloso-jardin-y-su-florista\/#article\",\"isPartOf\":{\"@id\":\"https:\/\/www.nizzipropiedades.com\/blog-inmobiliario\/origen-del-barrio-chauvin-el-maravilloso-jardin-y-su-florista\/\"},\"author\":{\"name\":\"Santiago de Nizzi Propiedades\",\"@id\":\"https:\/\/www.nizzipropiedades.com\/blog-inmobiliario\/#\/schema\/person\/612d5094717a45790a5537f0de47844d\"},\"headline\":\"\ud83c\udfe1 Origen del barrio Chauv\u00edn: El maravilloso jard\u00edn y su florista.\",\"datePublished\":\"2020-03-24T17:15:01+00:00\",\"dateModified\":\"2023-01-24T17:25:18+00:00\",\"mainEntityOfPage\":{\"@id\":\"https:\/\/www.nizzipropiedades.com\/blog-inmobiliario\/origen-del-barrio-chauvin-el-maravilloso-jardin-y-su-florista\/\"},\"wordCount\":1318,\"commentCount\":4,\"publisher\":{\"@id\":\"https:\/\/www.nizzipropiedades.com\/blog-inmobiliario\/#organization\"},\"image\":{\"@id\":\"https:\/\/www.nizzipropiedades.com\/blog-inmobiliario\/origen-del-barrio-chauvin-el-maravilloso-jardin-y-su-florista\/#primaryimage\"},\"thumbnailUrl\":\"https:\/\/www.nizzipropiedades.com\/blog-inmobiliario\/wp-content\/uploads\/2020\/03\/Barrio-Chauvin-1.jpg\",\"keywords\":[\"barrio chauvin\",\"chauvin\",\"historia barrio chauvin\"],\"articleSection\":[\"Barrios marplatenses\"],\"inLanguage\":\"es\",\"potentialAction\":[{\"@type\":\"CommentAction\",\"name\":\"Comment\",\"target\":[\"https:\/\/www.nizzipropiedades.com\/blog-inmobiliario\/origen-del-barrio-chauvin-el-maravilloso-jardin-y-su-florista\/#respond\"]}]},{\"@type\":\"WebPage\",\"@id\":\"https:\/\/www.nizzipropiedades.com\/blog-inmobiliario\/origen-del-barrio-chauvin-el-maravilloso-jardin-y-su-florista\/\",\"url\":\"https:\/\/www.nizzipropiedades.com\/blog-inmobiliario\/origen-del-barrio-chauvin-el-maravilloso-jardin-y-su-florista\/\",\"name\":\"\ud83c\udfe1 Origen del barrio Chauv\u00edn: El maravilloso jard\u00edn y su florista. - Nizzi Propiedades\",\"isPartOf\":{\"@id\":\"https:\/\/www.nizzipropiedades.com\/blog-inmobiliario\/#website\"},\"primaryImageOfPage\":{\"@id\":\"https:\/\/www.nizzipropiedades.com\/blog-inmobiliario\/origen-del-barrio-chauvin-el-maravilloso-jardin-y-su-florista\/#primaryimage\"},\"image\":{\"@id\":\"https:\/\/www.nizzipropiedades.com\/blog-inmobiliario\/origen-del-barrio-chauvin-el-maravilloso-jardin-y-su-florista\/#primaryimage\"},\"thumbnailUrl\":\"https:\/\/www.nizzipropiedades.com\/blog-inmobiliario\/wp-content\/uploads\/2020\/03\/Barrio-Chauvin-1.jpg\",\"datePublished\":\"2020-03-24T17:15:01+00:00\",\"dateModified\":\"2023-01-24T17:25:18+00:00\",\"description\":\"Barrio Chauvin. Su ubicaci\u00f3n, su historia y actualidad.\",\"breadcrumb\":{\"@id\":\"https:\/\/www.nizzipropiedades.com\/blog-inmobiliario\/origen-del-barrio-chauvin-el-maravilloso-jardin-y-su-florista\/#breadcrumb\"},\"inLanguage\":\"es\",\"potentialAction\":[{\"@type\":\"ReadAction\",\"target\":[\"https:\/\/www.nizzipropiedades.com\/blog-inmobiliario\/origen-del-barrio-chauvin-el-maravilloso-jardin-y-su-florista\/\"]}]},{\"@type\":\"ImageObject\",\"inLanguage\":\"es\",\"@id\":\"https:\/\/www.nizzipropiedades.com\/blog-inmobiliario\/origen-del-barrio-chauvin-el-maravilloso-jardin-y-su-florista\/#primaryimage\",\"url\":\"https:\/\/www.nizzipropiedades.com\/blog-inmobiliario\/wp-content\/uploads\/2020\/03\/Barrio-Chauvin-1.jpg\",\"contentUrl\":\"https:\/\/www.nizzipropiedades.com\/blog-inmobiliario\/wp-content\/uploads\/2020\/03\/Barrio-Chauvin-1.jpg\",\"width\":384,\"height\":288},{\"@type\":\"BreadcrumbList\",\"@id\":\"https:\/\/www.nizzipropiedades.com\/blog-inmobiliario\/origen-del-barrio-chauvin-el-maravilloso-jardin-y-su-florista\/#breadcrumb\",\"itemListElement\":[{\"@type\":\"ListItem\",\"position\":1,\"name\":\"Portada\",\"item\":\"https:\/\/www.nizzipropiedades.com\/blog-inmobiliario\/\"},{\"@type\":\"ListItem\",\"position\":2,\"name\":\"\ud83c\udfe1 Origen del barrio Chauv\u00edn: El maravilloso jard\u00edn y su florista.\"}]},{\"@type\":\"WebSite\",\"@id\":\"https:\/\/www.nizzipropiedades.com\/blog-inmobiliario\/#website\",\"url\":\"https:\/\/www.nizzipropiedades.com\/blog-inmobiliario\/\",\"name\":\"Nizzi Propiedades\",\"description\":\"Art\u00edculos de inter\u00e9s inmobiliarios\",\"publisher\":{\"@id\":\"https:\/\/www.nizzipropiedades.com\/blog-inmobiliario\/#organization\"},\"potentialAction\":[{\"@type\":\"SearchAction\",\"target\":{\"@type\":\"EntryPoint\",\"urlTemplate\":\"https:\/\/www.nizzipropiedades.com\/blog-inmobiliario\/?s={search_term_string}\"},\"query-input\":{\"@type\":\"PropertyValueSpecification\",\"valueRequired\":true,\"valueName\":\"search_term_string\"}}],\"inLanguage\":\"es\"},{\"@type\":\"Organization\",\"@id\":\"https:\/\/www.nizzipropiedades.com\/blog-inmobiliario\/#organization\",\"name\":\"Nizzi Propiedades\",\"url\":\"https:\/\/www.nizzipropiedades.com\/blog-inmobiliario\/\",\"logo\":{\"@type\":\"ImageObject\",\"inLanguage\":\"es\",\"@id\":\"https:\/\/www.nizzipropiedades.com\/blog-inmobiliario\/#\/schema\/logo\/image\/\",\"url\":\"https:\/\/www.nizzipropiedades.com\/blog-inmobiliario\/wp-content\/uploads\/2019\/01\/logo.png\",\"contentUrl\":\"https:\/\/www.nizzipropiedades.com\/blog-inmobiliario\/wp-content\/uploads\/2019\/01\/logo.png\",\"width\":200,\"height\":125,\"caption\":\"Nizzi Propiedades\"},\"image\":{\"@id\":\"https:\/\/www.nizzipropiedades.com\/blog-inmobiliario\/#\/schema\/logo\/image\/\"},\"sameAs\":[\"https:\/\/www.facebook.com\/NizziPropiedades\/\",\"https:\/\/www.instagram.com\/nizzi_propiedades\/\",\"https:\/\/www.youtube.com\/channel\/UCbRQo2e8LcOEa9m4H4ZjeTA\"]},{\"@type\":\"Person\",\"@id\":\"https:\/\/www.nizzipropiedades.com\/blog-inmobiliario\/#\/schema\/person\/612d5094717a45790a5537f0de47844d\",\"name\":\"Santiago de Nizzi Propiedades\",\"image\":{\"@type\":\"ImageObject\",\"inLanguage\":\"es\",\"@id\":\"https:\/\/www.nizzipropiedades.com\/blog-inmobiliario\/#\/schema\/person\/image\/\",\"url\":\"https:\/\/secure.gravatar.com\/avatar\/d8d1a511595a646d772383481149b7cc8188d8143783c228f73cc68d9b290373?s=96&d=mm&r=g\",\"contentUrl\":\"https:\/\/secure.gravatar.com\/avatar\/d8d1a511595a646d772383481149b7cc8188d8143783c228f73cc68d9b290373?s=96&d=mm&r=g\",\"caption\":\"Santiago de Nizzi Propiedades\"}}]}<\/script>\n<!-- \/ Yoast SEO plugin. -->","yoast_head_json":{"title":"\ud83c\udfe1 Origen del barrio Chauv\u00edn: El maravilloso jard\u00edn y su florista. - Nizzi Propiedades","description":"Barrio Chauvin. Su ubicaci\u00f3n, su historia y actualidad.","robots":{"index":"index","follow":"follow","max-snippet":"max-snippet:-1","max-image-preview":"max-image-preview:large","max-video-preview":"max-video-preview:-1"},"canonical":"https:\/\/www.nizzipropiedades.com\/blog-inmobiliario\/origen-del-barrio-chauvin-el-maravilloso-jardin-y-su-florista\/","og_locale":"es_ES","og_type":"article","og_title":"\ud83c\udfe1 Origen del barrio Chauv\u00edn: El maravilloso jard\u00edn y su florista. - Nizzi Propiedades","og_description":"Barrio Chauvin. Su ubicaci\u00f3n, su historia y actualidad.","og_url":"https:\/\/www.nizzipropiedades.com\/blog-inmobiliario\/origen-del-barrio-chauvin-el-maravilloso-jardin-y-su-florista\/","og_site_name":"Nizzi Propiedades","article_publisher":"https:\/\/www.facebook.com\/NizziPropiedades\/","article_published_time":"2020-03-24T17:15:01+00:00","article_modified_time":"2023-01-24T17:25:18+00:00","og_image":[{"width":384,"height":288,"url":"https:\/\/www.nizzipropiedades.com\/blog-inmobiliario\/wp-content\/uploads\/2020\/03\/Barrio-Chauvin-1.jpg","type":"image\/jpeg"}],"author":"Santiago de Nizzi Propiedades","twitter_card":"summary_large_image","twitter_misc":{"Escrito por":"Santiago de Nizzi Propiedades","Tiempo de lectura":"6 minutos"},"schema":{"@context":"https:\/\/schema.org","@graph":[{"@type":"Article","@id":"https:\/\/www.nizzipropiedades.com\/blog-inmobiliario\/origen-del-barrio-chauvin-el-maravilloso-jardin-y-su-florista\/#article","isPartOf":{"@id":"https:\/\/www.nizzipropiedades.com\/blog-inmobiliario\/origen-del-barrio-chauvin-el-maravilloso-jardin-y-su-florista\/"},"author":{"name":"Santiago de Nizzi Propiedades","@id":"https:\/\/www.nizzipropiedades.com\/blog-inmobiliario\/#\/schema\/person\/612d5094717a45790a5537f0de47844d"},"headline":"\ud83c\udfe1 Origen del barrio Chauv\u00edn: El maravilloso jard\u00edn y su florista.","datePublished":"2020-03-24T17:15:01+00:00","dateModified":"2023-01-24T17:25:18+00:00","mainEntityOfPage":{"@id":"https:\/\/www.nizzipropiedades.com\/blog-inmobiliario\/origen-del-barrio-chauvin-el-maravilloso-jardin-y-su-florista\/"},"wordCount":1318,"commentCount":4,"publisher":{"@id":"https:\/\/www.nizzipropiedades.com\/blog-inmobiliario\/#organization"},"image":{"@id":"https:\/\/www.nizzipropiedades.com\/blog-inmobiliario\/origen-del-barrio-chauvin-el-maravilloso-jardin-y-su-florista\/#primaryimage"},"thumbnailUrl":"https:\/\/www.nizzipropiedades.com\/blog-inmobiliario\/wp-content\/uploads\/2020\/03\/Barrio-Chauvin-1.jpg","keywords":["barrio chauvin","chauvin","historia barrio chauvin"],"articleSection":["Barrios marplatenses"],"inLanguage":"es","potentialAction":[{"@type":"CommentAction","name":"Comment","target":["https:\/\/www.nizzipropiedades.com\/blog-inmobiliario\/origen-del-barrio-chauvin-el-maravilloso-jardin-y-su-florista\/#respond"]}]},{"@type":"WebPage","@id":"https:\/\/www.nizzipropiedades.com\/blog-inmobiliario\/origen-del-barrio-chauvin-el-maravilloso-jardin-y-su-florista\/","url":"https:\/\/www.nizzipropiedades.com\/blog-inmobiliario\/origen-del-barrio-chauvin-el-maravilloso-jardin-y-su-florista\/","name":"\ud83c\udfe1 Origen del barrio Chauv\u00edn: El maravilloso jard\u00edn y su florista. - Nizzi Propiedades","isPartOf":{"@id":"https:\/\/www.nizzipropiedades.com\/blog-inmobiliario\/#website"},"primaryImageOfPage":{"@id":"https:\/\/www.nizzipropiedades.com\/blog-inmobiliario\/origen-del-barrio-chauvin-el-maravilloso-jardin-y-su-florista\/#primaryimage"},"image":{"@id":"https:\/\/www.nizzipropiedades.com\/blog-inmobiliario\/origen-del-barrio-chauvin-el-maravilloso-jardin-y-su-florista\/#primaryimage"},"thumbnailUrl":"https:\/\/www.nizzipropiedades.com\/blog-inmobiliario\/wp-content\/uploads\/2020\/03\/Barrio-Chauvin-1.jpg","datePublished":"2020-03-24T17:15:01+00:00","dateModified":"2023-01-24T17:25:18+00:00","description":"Barrio Chauvin. Su ubicaci\u00f3n, su historia y actualidad.","breadcrumb":{"@id":"https:\/\/www.nizzipropiedades.com\/blog-inmobiliario\/origen-del-barrio-chauvin-el-maravilloso-jardin-y-su-florista\/#breadcrumb"},"inLanguage":"es","potentialAction":[{"@type":"ReadAction","target":["https:\/\/www.nizzipropiedades.com\/blog-inmobiliario\/origen-del-barrio-chauvin-el-maravilloso-jardin-y-su-florista\/"]}]},{"@type":"ImageObject","inLanguage":"es","@id":"https:\/\/www.nizzipropiedades.com\/blog-inmobiliario\/origen-del-barrio-chauvin-el-maravilloso-jardin-y-su-florista\/#primaryimage","url":"https:\/\/www.nizzipropiedades.com\/blog-inmobiliario\/wp-content\/uploads\/2020\/03\/Barrio-Chauvin-1.jpg","contentUrl":"https:\/\/www.nizzipropiedades.com\/blog-inmobiliario\/wp-content\/uploads\/2020\/03\/Barrio-Chauvin-1.jpg","width":384,"height":288},{"@type":"BreadcrumbList","@id":"https:\/\/www.nizzipropiedades.com\/blog-inmobiliario\/origen-del-barrio-chauvin-el-maravilloso-jardin-y-su-florista\/#breadcrumb","itemListElement":[{"@type":"ListItem","position":1,"name":"Portada","item":"https:\/\/www.nizzipropiedades.com\/blog-inmobiliario\/"},{"@type":"ListItem","position":2,"name":"\ud83c\udfe1 Origen del barrio Chauv\u00edn: El maravilloso jard\u00edn y su florista."}]},{"@type":"WebSite","@id":"https:\/\/www.nizzipropiedades.com\/blog-inmobiliario\/#website","url":"https:\/\/www.nizzipropiedades.com\/blog-inmobiliario\/","name":"Nizzi Propiedades","description":"Art\u00edculos de inter\u00e9s inmobiliarios","publisher":{"@id":"https:\/\/www.nizzipropiedades.com\/blog-inmobiliario\/#organization"},"potentialAction":[{"@type":"SearchAction","target":{"@type":"EntryPoint","urlTemplate":"https:\/\/www.nizzipropiedades.com\/blog-inmobiliario\/?s={search_term_string}"},"query-input":{"@type":"PropertyValueSpecification","valueRequired":true,"valueName":"search_term_string"}}],"inLanguage":"es"},{"@type":"Organization","@id":"https:\/\/www.nizzipropiedades.com\/blog-inmobiliario\/#organization","name":"Nizzi Propiedades","url":"https:\/\/www.nizzipropiedades.com\/blog-inmobiliario\/","logo":{"@type":"ImageObject","inLanguage":"es","@id":"https:\/\/www.nizzipropiedades.com\/blog-inmobiliario\/#\/schema\/logo\/image\/","url":"https:\/\/www.nizzipropiedades.com\/blog-inmobiliario\/wp-content\/uploads\/2019\/01\/logo.png","contentUrl":"https:\/\/www.nizzipropiedades.com\/blog-inmobiliario\/wp-content\/uploads\/2019\/01\/logo.png","width":200,"height":125,"caption":"Nizzi Propiedades"},"image":{"@id":"https:\/\/www.nizzipropiedades.com\/blog-inmobiliario\/#\/schema\/logo\/image\/"},"sameAs":["https:\/\/www.facebook.com\/NizziPropiedades\/","https:\/\/www.instagram.com\/nizzi_propiedades\/","https:\/\/www.youtube.com\/channel\/UCbRQo2e8LcOEa9m4H4ZjeTA"]},{"@type":"Person","@id":"https:\/\/www.nizzipropiedades.com\/blog-inmobiliario\/#\/schema\/person\/612d5094717a45790a5537f0de47844d","name":"Santiago de Nizzi Propiedades","image":{"@type":"ImageObject","inLanguage":"es","@id":"https:\/\/www.nizzipropiedades.com\/blog-inmobiliario\/#\/schema\/person\/image\/","url":"https:\/\/secure.gravatar.com\/avatar\/d8d1a511595a646d772383481149b7cc8188d8143783c228f73cc68d9b290373?s=96&d=mm&r=g","contentUrl":"https:\/\/secure.gravatar.com\/avatar\/d8d1a511595a646d772383481149b7cc8188d8143783c228f73cc68d9b290373?s=96&d=mm&r=g","caption":"Santiago de Nizzi Propiedades"}}]}},"_links":{"self":[{"href":"https:\/\/www.nizzipropiedades.com\/blog-inmobiliario\/wp-json\/wp\/v2\/posts\/449","targetHints":{"allow":["GET"]}}],"collection":[{"href":"https:\/\/www.nizzipropiedades.com\/blog-inmobiliario\/wp-json\/wp\/v2\/posts"}],"about":[{"href":"https:\/\/www.nizzipropiedades.com\/blog-inmobiliario\/wp-json\/wp\/v2\/types\/post"}],"author":[{"embeddable":true,"href":"https:\/\/www.nizzipropiedades.com\/blog-inmobiliario\/wp-json\/wp\/v2\/users\/1"}],"replies":[{"embeddable":true,"href":"https:\/\/www.nizzipropiedades.com\/blog-inmobiliario\/wp-json\/wp\/v2\/comments?post=449"}],"version-history":[{"count":11,"href":"https:\/\/www.nizzipropiedades.com\/blog-inmobiliario\/wp-json\/wp\/v2\/posts\/449\/revisions"}],"predecessor-version":[{"id":678,"href":"https:\/\/www.nizzipropiedades.com\/blog-inmobiliario\/wp-json\/wp\/v2\/posts\/449\/revisions\/678"}],"wp:featuredmedia":[{"embeddable":true,"href":"https:\/\/www.nizzipropiedades.com\/blog-inmobiliario\/wp-json\/wp\/v2\/media\/590"}],"wp:attachment":[{"href":"https:\/\/www.nizzipropiedades.com\/blog-inmobiliario\/wp-json\/wp\/v2\/media?parent=449"}],"wp:term":[{"taxonomy":"category","embeddable":true,"href":"https:\/\/www.nizzipropiedades.com\/blog-inmobiliario\/wp-json\/wp\/v2\/categories?post=449"},{"taxonomy":"post_tag","embeddable":true,"href":"https:\/\/www.nizzipropiedades.com\/blog-inmobiliario\/wp-json\/wp\/v2\/tags?post=449"}],"curies":[{"name":"wp","href":"https:\/\/api.w.org\/{rel}","templated":true}]}}